{"id":8805,"date":"2026-03-01T22:43:36","date_gmt":"2026-03-01T22:43:36","guid":{"rendered":"https:\/\/africapreneurs.com\/natascha-viljoen-une-biographie-fascinante\/"},"modified":"2026-04-13T20:56:30","modified_gmt":"2026-04-13T19:56:30","slug":"natascha-viljoen-une-biographie-fascinante","status":"publish","type":"post","link":"https:\/\/africapreneurs.com\/fr\/natascha-viljoen-une-biographie-fascinante\/","title":{"rendered":"Natascha Viljoen: Une biographie fascinante"},"content":{"rendered":"\n<p>Et si une femme pouvait enfin diriger l&rsquo;un des g\u00e9ants les plus traditionnels et masculins du monde ? Cette question, longtemps th\u00e9orique, vient de trouver une r\u00e9ponse historique dans le <strong>secteur<\/strong> minier.<\/p>\n\n\n\n<p>En 2025, Newmont Corporation, le g\u00e9ant am\u00e9ricain valoris\u00e9 \u00e0 99 milliards de dollars, a annonc\u00e9 une <strong>nomination<\/strong> qui a fait l&rsquo;effet d&rsquo;une onde de choc. Pour la premi\u00e8re fois, une femme, <strong>Natascha Viljoen<\/strong>, acc\u00e8de au poste de pr\u00e9sidente-directrice g\u00e9n\u00e9rale d&rsquo;une soci\u00e9t\u00e9 mini\u00e8re de dimension mondiale.<\/p>\n\n\n\n<p>Cette d\u00e9cision intervient \u00e0 un moment charni\u00e8re pour l&rsquo;industrie. Elle couronne une carri\u00e8re exceptionnelle de plus de trente ans et place une dirigeante exp\u00e9riment\u00e9e \u00e0 la t\u00eate de Newmont. L&rsquo;entreprise doit relever des d\u00e9fis majeurs, comme la hausse des co\u00fbts et les pressions des actionnaires, faisant de ce <strong>poste<\/strong> l&rsquo;un des plus strat\u00e9giques du moment.<\/p>\n\n\n\n<h3 class=\"wp-block-heading\" id=\"h-a-retenir\">\u00c0 retenir<\/h3>\n\n\n\n<ul class=\"wp-block-list\">\n<li>Newmont, un leader minier, a nomm\u00e9 sa premi\u00e8re femme PDG en 2025.<\/li>\n\n\n\n<li>Cette nomination est une premi\u00e8re historique dans l&rsquo;industrie mini\u00e8re mondiale.<\/li>\n\n\n\n<li>Elle marque un tournant pour le leadership f\u00e9minin dans un secteur tr\u00e8s masculin.<\/li>\n\n\n\n<li>Natascha Viljoen apporte plus de 30 ans d&rsquo;exp\u00e9rience internationale.<\/li>\n\n\n\n<li>La nomination co\u00efncide avec une p\u00e9riode de transformation et de d\u00e9fis pour le secteur aurif\u00e8re.<\/li>\n\n\n\n<li>Les enjeux incluent la durabilit\u00e9, la responsabilit\u00e9 sociale et les rendements financiers.<\/li>\n\n\n\n<li>Cette d\u00e9cision renforce l&rsquo;influence croissante de l&rsquo;Afrique dans les ressources naturelles.<\/li>\n<\/ul>\n\n\n\n<h2 class=\"wp-block-heading\" id=\"h-contexte-et-nomination-historique-chez-newmont\">Contexte et nomination historique chez Newmont<\/h2>\n\n\n\n<p>L&rsquo;ann\u00e9e 2025 a marqu\u00e9 un renouvellement significatif du leadership dans le secteur minier mondial. Ce mouvement a \u00e9t\u00e9 symbolis\u00e9 par des changements majeurs chez deux g\u00e9ants : Newmont et <strong>Barrick Mining<\/strong>.<\/p>\n\n\n\n<p>Le m\u00eame jour, Newmont a annonc\u00e9 sa nouvelle <strong>directrice<\/strong> g\u00e9n\u00e9rale et Barrick a enregistr\u00e9 la d\u00e9mission abrupte de son PDG, Mark Bristow.<\/p>\n\n\n\n<h3 class=\"wp-block-heading\" id=\"h-origines-et-contexte-sectoriel\">Origines et contexte sectoriel<\/h3>\n\n\n\n<p>Cette transition survient dans un environnement paradoxal. Le prix de l&rsquo;or atteint des sommets historiques successifs.<\/p>\n\n\n\n<p>Pourtant, l&rsquo;industrie est confront\u00e9e \u00e0 des d\u00e9fis op\u00e9rationnels majeurs. La hausse des co\u00fbts et les pressions environnementales p\u00e8sent lourdement.<\/p>\n\n\n\n<p>Les actionnaires exigent des rendements plus \u00e9lev\u00e9s. Ils veulent que les performances financi\u00e8res \u00e9galent les records du m\u00e9tal pr\u00e9cieux.<\/p>\n\n\n\n<h3 class=\"wp-block-heading\" id=\"h-evolution-du-leadership-dans-la-grande-industrie-miniere\">\u00c9volution du leadership dans la grande industrie mini\u00e8re<\/h3>\n\n\n\n<p>Chez Newmont, <strong>Tom Palmer<\/strong> quitte ses fonctions de PDG. Il a rejoint l&rsquo;entreprise en 2014 et a pris la direction en 2019.<\/p>\n\n\n\n<p>Sous son mandat, des op\u00e9rations transformatrices ont \u00e9t\u00e9 r\u00e9alis\u00e9es. L&rsquo;acquisition de la soci\u00e9t\u00e9 <strong>Newcrest<\/strong> pour 17 <strong>milliards<\/strong> de <strong>dollars<\/strong> est la plus marquante.<\/p>\n\n\n\n<p>Ces mouvements ont cr\u00e9\u00e9 un portefeuille mondial de premier plan. <strong>Tom Palmer<\/strong> restera conseiller strat\u00e9gique jusqu&rsquo;\u00e0 sa retraite l&rsquo;ann\u00e9e prochaine.<\/p>\n\n\n\n<p>L&rsquo;industrie reconna\u00eet de plus en plus la n\u00e9cessit\u00e9 de diversifier ses profils de direction. Int\u00e9grer de nouvelles perspectives est crucial pour relever les d\u00e9fis de la durabilit\u00e9.<\/p>\n\n\n\n<p>La <strong>nomination<\/strong> de la nouvelle dirigeante est salu\u00e9e comme le d\u00e9but d&rsquo;une \u00ab\u00a0nouvelle \u00e8re\u00a0\u00bb. Sa prise de fonction est pr\u00e9vue pour janvier 2026, assurant une transition ordonn\u00e9e.<\/p>\n\n\n\n<h2 class=\"wp-block-heading\" id=\"h-natascha-viljoen-un-leadership-exemplaire\">Natascha Viljoen : Un leadership exemplaire<\/h2>\n\n\n\n<p>N\u00e9e en Afrique du <strong>Sud<\/strong>, elle a gravi les \u00e9chelons chez les plus grands noms de l&rsquo;extraction mondiale. Son parcours de plus de trente ans d&rsquo;<strong>exp\u00e9rience<\/strong> internationale est un atout majeur pour Newmont.<\/p>\n\n\n\n\n\n\n\n\n\n<h3 class=\"wp-block-heading\" id=\"h-experience-internationale-et-transformation-chez-anglo-american-bhp-et-lonmin\">Exp\u00e9rience internationale et transformation chez Anglo American, BHP et Lonmin<\/h3>\n\n\n\n<p>Avant son arriv\u00e9e chez Newmont, <strong>Natascha Viljoen<\/strong> a dirig\u00e9 <strong>Anglo American<\/strong> Platinum, aussi connu sous le nom de <strong>Valterra Platinum<\/strong>. \u00c0 ce <strong>poste<\/strong> de PDG, elle supervisait les plus grands producteurs de platine.<\/p>\n\n\n\n<p>Son <strong>exp\u00e9rience<\/strong> s&rsquo;est construite au <strong>cours<\/strong> de missions strat\u00e9giques chez BHP et Lonmin. Elle a pilot\u00e9 des projets majeurs, du lancement de nouvelles mines \u00e0 la transformation des performances.<\/p>\n\n\n\n<h3 class=\"wp-block-heading\" id=\"h-les-defis-surmontes-et-la-vision-pour-l-avenir-du-secteur\">Les d\u00e9fis surmont\u00e9s et la vision pour l&rsquo;avenir du secteur<\/h3>\n\n\n\n<p>En tant que <strong>directrice<\/strong> de l&rsquo;exploitation puis <strong>poste pr\u00e9sidente<\/strong> chez Newmont depuis 2023, ses priorit\u00e9s \u00e9taient claires. L&rsquo;int\u00e9gration du portefeuille, la s\u00e9curit\u00e9 et le d\u00e9veloppement durable ont guid\u00e9 son action.<\/p>\n\n\n\n<p>Sa vision pour le secteur combine excellence op\u00e9rationnelle et responsabilit\u00e9 sociale. Elle reconna\u00eet les d\u00e9fis \u00e0 venir et a remerci\u00e9 Tom Palmer pour son soutien durant cette transition.<\/p>\n\n\n\n<p>La nouvelle dirigeante de <strong>Valterra Platinum<\/strong> apporte ainsi une perspective unique, forg\u00e9e aux quatre coins du globe.<\/p>\n\n\n\n<h2 class=\"wp-block-heading\" id=\"h-strategies-et-enjeux-de-la-reorganisation-chez-newmont\">Strat\u00e9gies et enjeux de la r\u00e9organisation chez Newmont<\/h2>\n\n\n\n<p>Cette promotion intervient alors que l&rsquo;entreprise est engag\u00e9e dans un important programme de cessions d&rsquo;actifs. Ce contexte de restructuration d\u00e9finit les d\u00e9fis imm\u00e9diats de la nouvelle direction.<\/p>\n\n\n\n<h3 class=\"wp-block-heading\" id=\"h-details-des-operations-et-des-recents-changements-structurels\">D\u00e9tails des op\u00e9rations et des r\u00e9cents changements structurels<\/h3>\n\n\n\n<p>Pour optimiser son portefeuille, Newmont a annonc\u00e9 en septembre la vente de sa participation dans Orla Mining. Cette transaction a g\u00e9n\u00e9r\u00e9 <strong>439 millions de dollars<\/strong>.<\/p>\n\n\n\n<p>Elle s&rsquo;inscrit dans une strat\u00e9gie claire de recentrage sur les actifs les plus performants. Parall\u00e8lement, des changements ont touch\u00e9 la direction financi\u00e8re.<\/p>\n\n\n\n<p>Karyn Ovelmen a quitt\u00e9 son <strong>poste<\/strong> de <strong>directrice<\/strong> financi\u00e8re au d\u00e9but de l&rsquo;<strong>ann\u00e9e<\/strong>. Peter Wexler a \u00e9t\u00e9 nomm\u00e9 pour assurer l&rsquo;int\u00e9rim.<\/p>\n\n\n\n\n\n\n\n\n\n<p>Le plan de succession a \u00e9t\u00e9 m\u00e9thodique. D\u00e8s mai 2025, il \u00e9tait annonc\u00e9 que Natascha Viljoen serait promue au <strong>poste de pr\u00e9sidente<\/strong>.<\/p>\n\n\n\n<h3 class=\"wp-block-heading\" id=\"h-pressions-du-marche-et-strategies-de-cessions-d-actifs\">Pressions du march\u00e9 et strat\u00e9gies de cessions d&rsquo;actifs<\/h3>\n\n\n\n<p>Les actionnaires exigent des rendements \u00e0 la hauteur des records du prix de l&rsquo;or. Cette pression est constante, m\u00eame face \u00e0 la hausse des co\u00fbts.<\/p>\n\n\n\n<p>L&rsquo;industrie fait face au nationalisme des ressources et aux attentes sur la transition \u00e9nerg\u00e9tique. Newmont doit naviguer ce <strong>cours<\/strong> complexe.<\/p>\n\n\n\n<p>Lors de l&rsquo;annonce, l&rsquo;action a ouvert \u00e0 un record de 87,93 dollars. Elle a ensuite chut\u00e9 de plus de 1%, refl\u00e9tant les incertitudes du march\u00e9.<\/p>\n\n\n\n<p>La strat\u00e9gie de cessions permet de concentrer les ressources sur les <strong>mines<\/strong> les plus rentables. L&rsquo;objectif est de maintenir l&rsquo;excellence op\u00e9rationnelle et l&rsquo;engagement durable.<\/p>\n\n\n\n<p>Ce recentrage offre un cadre op\u00e9rationnel clarifi\u00e9 pour la nouvelle <strong>pr\u00e9sidente<\/strong>. La performance future des <strong>mines<\/strong> est au c\u0153ur de cette r\u00e9organisation.<\/p>\n\n\n\n<h2 class=\"wp-block-heading\" id=\"h-conclusion\">Conclusion<\/h2>\n\n\n\n<p>Le <strong>secteur<\/strong> minier vient de tourner une page historique avec cette promotion sans pr\u00e9c\u00e9dent. Pour la premi\u00e8re fois, une femme acc\u00e8de au <strong>poste pr\u00e9sidente<\/strong> d&rsquo;un g\u00e9ant mondial comme Newmont. Cette d\u00e9cision couronne une carri\u00e8re exemplaire de plus de trente ans sur les cinq continents.<\/p>\n\n\n\n<p>\u00c0 partir de janvier 2026, la nouvelle dirigeante devra piloter la r\u00e9organisation en cours. Elle devra r\u00e9pondre aux exigences des actionnaires et int\u00e9grer les imp\u00e9ratifs de durabilit\u00e9. Son leadership symbolise une avanc\u00e9e majeure pour la diversit\u00e9 dans l&rsquo;industrie.<\/p>\n\n\n\n<p>Les attentes sont \u00e9lev\u00e9es pour cette \u00ab\u00a0nouvelle \u00e8re\u00a0\u00bb. L&rsquo;espoir est une transformation alliant performance financi\u00e8re, excellence op\u00e9rationnelle et responsabilit\u00e9 sociale. <strong>Natascha Viljoen<\/strong> incarne ce changement profond.<\/p>\n\n\n\n<section class=\"schema-section\">\n<h2>FAQ<\/h2>\n<div>\n<h3>Pourquoi la nomination de Natascha Viljoen chez Newmont est-elle consid\u00e9r\u00e9e comme historique ?<\/h3>\n<div>\n<div>\n<p>Sa nomination au poste de pr\u00e9sidente du conseil d&rsquo;administration de Newmont est historique car elle est la premi\u00e8re femme \u00e0 occuper cette fonction dans une grande entreprise mini\u00e8re mondiale, marquant une \u00e9tape importante pour la diversit\u00e9 dans ce secteur.<\/p>\n<\/div>\n<\/div>\n<\/div>\n<div>\n<h3>Quelle est l&rsquo;exp\u00e9rience cl\u00e9 de Natascha Viljoen avant de rejoindre Newmont ?<\/h3>\n<div>\n<div>\n<p>Elle a accumul\u00e9 une vaste exp\u00e9rience de plus de 25 ans, occupant des postes de directrice g\u00e9n\u00e9rale chez des g\u00e9ants comme Anglo American Platinum et en dirigeant des op\u00e9rations complexes en Afrique du Sud et \u00e0 l&rsquo;international pour des soci\u00e9t\u00e9s telles que BHP et Lonmin.<\/p>\n<\/div>\n<\/div>\n<\/div>\n<div>\n<h3>Quels sont les principaux d\u00e9fis auxquels elle fait face chez Newmont actuellement ?<\/h3>\n<div>\n<div>\n<p>Les principaux d\u00e9fis incluent la gestion de la dette, l&rsquo;optimisation du portefeuille d&rsquo;actifs apr\u00e8s une grande acquisition, et la navigation dans les pressions du march\u00e9 comme la volatilit\u00e9 des cours des m\u00e9taux, ce qui peut conduire \u00e0 des cessions d&rsquo;actifs de plusieurs milliards de dollars.<\/p>\n<\/div>\n<\/div>\n<\/div>\n<div>\n<h3>En quoi son parcours chez Anglo American Platinum a-t-il \u00e9t\u00e9 d\u00e9terminant ?<\/h3>\n<div>\n<div>\n<p>En tant que directrice g\u00e9n\u00e9rale d&rsquo;Anglo American Platinum, elle a dirig\u00e9 l&rsquo;une des plus grandes productrices de platine au monde, relevant des d\u00e9fis op\u00e9rationnels et s\u00e9curitaires majeurs, ce qui a forg\u00e9 son expertise dans la gestion de mines \u00e0 grande \u00e9chelle et complexes.<\/p>\n<\/div>\n<\/div>\n<\/div>\n<div>\n<h3>Quelle est la vision de Natascha Viljoen pour l&rsquo;avenir du secteur minier ?<\/h3>\n<div>\n<div>\n<p>Sa vision met l&rsquo;accent sur une exploitation mini\u00e8re durable, l&rsquo;innovation technologique pour am\u00e9liorer la s\u00e9curit\u00e9 et l&rsquo;efficacit\u00e9, et la cr\u00e9ation de valeur \u00e0 long terme pour toutes les parties prenantes, des actionnaires aux communaut\u00e9s locales.<\/p>\n<\/div>\n<\/div>\n<\/div>\n<\/section>\n","protected":false},"excerpt":{"rendered":"<p>D\u00e9couvrez la vie de Natascha Viljoen \u00e0 travers une biographie d\u00e9taill\u00e9e et fascinante, r\u00e9v\u00e9lant les moments cl\u00e9s de son parcours.<\/p>\n","protected":false},"author":5,"featured_media":11263,"comment_status":"closed","ping_status":"closed","sticky":false,"template":"","format":"standard","meta":{"_yoast_wpseo_focuskw":"Natascha Viljoen","jnews-multi-image_gallery":[],"jnews_single_post":{"format":"standard"},"jnews_primary_category":[],"footnotes":""},"categories":[3303,1884],"tags":[1935,1959,1964,1961,1963,1962,1958,1965,1960,1924],"country":[],"class_list":["post-8805","post","type-post","status-publish","format-standard","has-post-thumbnail","hentry","category-femmes-leaders","category-portraits","tag-afrique-du-sud","tag-biographie","tag-diversite","tag-femme-daffaires","tag-industrie-miniere","tag-leadership","tag-natascha-viljoen","tag-parcours-inspirant","tag-pdg","tag-succes-professionnel"],"yoast_head":"<!-- This site is optimized with the Yoast SEO Premium plugin v27.4 (Yoast SEO v27.5) - https:\/\/yoast.com\/product\/yoast-seo-premium-wordpress\/ -->\n<title>Natascha Viljoen: Une biographie fascinante<\/title>\n<meta name=\"description\" content=\"D\u00e9couvrez la vie de Natascha Viljoen \u00e0 travers une biographie d\u00e9taill\u00e9e et fascinante, r\u00e9v\u00e9lant les moments cl\u00e9s de son parcours.\" \/>\n<meta name=\"robots\" content=\"index, follow, max-snippet:-1, max-image-preview:large, max-video-preview:-1\" \/>\n<link rel=\"canonical\" href=\"https:\/\/africapreneurs.com\/fr\/natascha-viljoen-une-biographie-fascinante\/\" \/>\n<meta property=\"og:locale\" content=\"fr_FR\" \/>\n<meta property=\"og:type\" content=\"article\" \/>\n<meta property=\"og:title\" content=\"Natascha Viljoen: Une biographie fascinante\" \/>\n<meta property=\"og:description\" content=\"D\u00e9couvrez la vie de Natascha Viljoen \u00e0 travers une biographie d\u00e9taill\u00e9e et fascinante, r\u00e9v\u00e9lant les moments cl\u00e9s de son parcours.\" \/>\n<meta property=\"og:url\" content=\"https:\/\/africapreneurs.com\/fr\/natascha-viljoen-une-biographie-fascinante\/\" \/>\n<meta property=\"og:site_name\" content=\"Africapreneurs\" \/>\n<meta property=\"article:publisher\" content=\"https:\/\/www.facebook.com\/africapreneurs1\" \/>\n<meta property=\"article:author\" content=\"https:\/\/www.facebook.com\/africapreneurs1\" \/>\n<meta property=\"article:published_time\" content=\"2026-03-01T22:43:36+00:00\" \/>\n<meta property=\"article:modified_time\" content=\"2026-04-13T19:56:30+00:00\" \/>\n<meta property=\"og:image\" content=\"https:\/\/africapreneurs.com\/wp-content\/uploads\/2026\/03\/Natascha-Viljoen-fr.webp\" \/>\n\t<meta property=\"og:image:width\" content=\"909\" \/>\n\t<meta property=\"og:image:height\" content=\"511\" \/>\n\t<meta property=\"og:image:type\" content=\"image\/webp\" \/>\n<meta name=\"author\" content=\"Africapreneurs\" \/>\n<meta name=\"twitter:card\" content=\"summary_large_image\" \/>\n<meta name=\"twitter:creator\" content=\"@https:\/\/twitter.com\/africapreneurs\" \/>\n<meta name=\"twitter:site\" content=\"@africapreneurs\" \/>\n<meta name=\"twitter:label1\" content=\"\u00c9crit par\" \/>\n\t<meta name=\"twitter:data1\" content=\"Africapreneurs\" \/>\n\t<meta name=\"twitter:label2\" content=\"Dur\u00e9e de lecture estim\u00e9e\" \/>\n\t<meta name=\"twitter:data2\" content=\"7 minutes\" \/>\n<script type=\"application\/ld+json\" class=\"yoast-schema-graph\">{\"@context\":\"https:\\\/\\\/schema.org\",\"@graph\":[{\"@type\":\"Article\",\"@id\":\"https:\\\/\\\/africapreneurs.com\\\/fr\\\/natascha-viljoen-une-biographie-fascinante\\\/#article\",\"isPartOf\":{\"@id\":\"https:\\\/\\\/africapreneurs.com\\\/fr\\\/natascha-viljoen-une-biographie-fascinante\\\/\"},\"author\":{\"name\":\"Africapreneurs\",\"@id\":\"https:\\\/\\\/africapreneurs.com\\\/fr\\\/#\\\/schema\\\/person\\\/78c8f4b9f2181fab1833fb7919ca52ec\"},\"headline\":\"Natascha Viljoen: Une biographie fascinante\",\"datePublished\":\"2026-03-01T22:43:36+00:00\",\"dateModified\":\"2026-04-13T19:56:30+00:00\",\"mainEntityOfPage\":{\"@id\":\"https:\\\/\\\/africapreneurs.com\\\/fr\\\/natascha-viljoen-une-biographie-fascinante\\\/\"},\"wordCount\":1465,\"publisher\":{\"@id\":\"https:\\\/\\\/africapreneurs.com\\\/fr\\\/#organization\"},\"image\":{\"@id\":\"https:\\\/\\\/africapreneurs.com\\\/fr\\\/natascha-viljoen-une-biographie-fascinante\\\/#primaryimage\"},\"thumbnailUrl\":\"https:\\\/\\\/africapreneurs.com\\\/wp-content\\\/uploads\\\/2026\\\/03\\\/Natascha-Viljoen-fr.webp\",\"keywords\":[\"Afrique du Sud\",\"Biographie\",\"Diversit\u00e9\",\"Femme d'affaires\",\"Industrie mini\u00e8re\",\"Leadership\",\"Natascha Viljoen\",\"Parcours inspirant\",\"PDG\",\"Succ\u00e8s professionnel\"],\"articleSection\":[\"Femmes Leaders\",\"Portraits\"],\"inLanguage\":\"fr-FR\",\"copyrightYear\":\"2026\",\"copyrightHolder\":{\"@id\":\"https:\\\/\\\/africapreneurs.com\\\/#organization\"}},{\"@type\":\"WebPage\",\"@id\":\"https:\\\/\\\/africapreneurs.com\\\/fr\\\/natascha-viljoen-une-biographie-fascinante\\\/\",\"url\":\"https:\\\/\\\/africapreneurs.com\\\/fr\\\/natascha-viljoen-une-biographie-fascinante\\\/\",\"name\":\"Natascha Viljoen: Une biographie fascinante\",\"isPartOf\":{\"@id\":\"https:\\\/\\\/africapreneurs.com\\\/fr\\\/#website\"},\"primaryImageOfPage\":{\"@id\":\"https:\\\/\\\/africapreneurs.com\\\/fr\\\/natascha-viljoen-une-biographie-fascinante\\\/#primaryimage\"},\"image\":{\"@id\":\"https:\\\/\\\/africapreneurs.com\\\/fr\\\/natascha-viljoen-une-biographie-fascinante\\\/#primaryimage\"},\"thumbnailUrl\":\"https:\\\/\\\/africapreneurs.com\\\/wp-content\\\/uploads\\\/2026\\\/03\\\/Natascha-Viljoen-fr.webp\",\"datePublished\":\"2026-03-01T22:43:36+00:00\",\"dateModified\":\"2026-04-13T19:56:30+00:00\",\"description\":\"D\u00e9couvrez la vie de Natascha Viljoen \u00e0 travers une biographie d\u00e9taill\u00e9e et fascinante, r\u00e9v\u00e9lant les moments cl\u00e9s de son parcours.\",\"breadcrumb\":{\"@id\":\"https:\\\/\\\/africapreneurs.com\\\/fr\\\/natascha-viljoen-une-biographie-fascinante\\\/#breadcrumb\"},\"inLanguage\":\"fr-FR\",\"potentialAction\":[{\"@type\":\"ReadAction\",\"target\":[\"https:\\\/\\\/africapreneurs.com\\\/fr\\\/natascha-viljoen-une-biographie-fascinante\\\/\"]}]},{\"@type\":\"ImageObject\",\"inLanguage\":\"fr-FR\",\"@id\":\"https:\\\/\\\/africapreneurs.com\\\/fr\\\/natascha-viljoen-une-biographie-fascinante\\\/#primaryimage\",\"url\":\"https:\\\/\\\/africapreneurs.com\\\/wp-content\\\/uploads\\\/2026\\\/03\\\/Natascha-Viljoen-fr.webp\",\"contentUrl\":\"https:\\\/\\\/africapreneurs.com\\\/wp-content\\\/uploads\\\/2026\\\/03\\\/Natascha-Viljoen-fr.webp\",\"width\":909,\"height\":511,\"caption\":\"Natascha Viljoen\"},{\"@type\":\"BreadcrumbList\",\"@id\":\"https:\\\/\\\/africapreneurs.com\\\/fr\\\/natascha-viljoen-une-biographie-fascinante\\\/#breadcrumb\",\"itemListElement\":[{\"@type\":\"ListItem\",\"position\":1,\"name\":\"Africapreneurs\",\"item\":\"https:\\\/\\\/africapreneurs.com\\\/fr\\\/\"},{\"@type\":\"ListItem\",\"position\":2,\"name\":\"Portraits\",\"item\":\"https:\\\/\\\/africapreneurs.com\\\/fr\\\/c\\\/portraits\\\/\"},{\"@type\":\"ListItem\",\"position\":3,\"name\":\"Natascha Viljoen: Une biographie fascinante\"}]},{\"@type\":\"WebSite\",\"@id\":\"https:\\\/\\\/africapreneurs.com\\\/fr\\\/#website\",\"url\":\"https:\\\/\\\/africapreneurs.com\\\/fr\\\/\",\"name\":\"Africapreneurs\",\"description\":\"R\u00e9v\u00e9ler les talents africains, Valoriser les histoires de l\u2019Afrique.\",\"publisher\":{\"@id\":\"https:\\\/\\\/africapreneurs.com\\\/fr\\\/#organization\"},\"potentialAction\":[{\"@type\":\"SearchAction\",\"target\":{\"@type\":\"EntryPoint\",\"urlTemplate\":\"https:\\\/\\\/africapreneurs.com\\\/fr\\\/?s={search_term_string}\"},\"query-input\":{\"@type\":\"PropertyValueSpecification\",\"valueRequired\":true,\"valueName\":\"search_term_string\"}}],\"inLanguage\":\"fr-FR\"},{\"@type\":\"Organization\",\"@id\":\"https:\\\/\\\/africapreneurs.com\\\/fr\\\/#organization\",\"name\":\"Africapreneurs\",\"url\":\"https:\\\/\\\/africapreneurs.com\\\/fr\\\/\",\"logo\":{\"@type\":\"ImageObject\",\"inLanguage\":\"fr-FR\",\"@id\":\"https:\\\/\\\/africapreneurs.com\\\/fr\\\/#\\\/schema\\\/logo\\\/image\\\/\",\"url\":\"https:\\\/\\\/africapreneurs.com\\\/wp-content\\\/uploads\\\/2024\\\/01\\\/Africapreneurs-Logo.jpg\",\"contentUrl\":\"https:\\\/\\\/africapreneurs.com\\\/wp-content\\\/uploads\\\/2024\\\/01\\\/Africapreneurs-Logo.jpg\",\"width\":600,\"height\":600,\"caption\":\"Africapreneurs\"},\"image\":{\"@id\":\"https:\\\/\\\/africapreneurs.com\\\/fr\\\/#\\\/schema\\\/logo\\\/image\\\/\"},\"sameAs\":[\"https:\\\/\\\/www.facebook.com\\\/africapreneurs1\",\"https:\\\/\\\/x.com\\\/africapreneurs\",\"https:\\\/\\\/www.instagram.com\\\/africapreneurs\",\"https:\\\/\\\/www.linkedin.com\\\/company\\\/africapreneurs\",\"https:\\\/\\\/www.youtube.com\\\/@africapreneurs\"]},{\"@type\":\"Person\",\"@id\":\"https:\\\/\\\/africapreneurs.com\\\/fr\\\/#\\\/schema\\\/person\\\/78c8f4b9f2181fab1833fb7919ca52ec\",\"name\":\"Africapreneurs\",\"image\":{\"@type\":\"ImageObject\",\"inLanguage\":\"fr-FR\",\"@id\":\"https:\\\/\\\/secure.gravatar.com\\\/avatar\\\/ff7e6219596cb3312d12e494d824d6f2bb044a240c38cb777d69b1b575b98b82?s=96&d=mm&r=g\",\"url\":\"https:\\\/\\\/secure.gravatar.com\\\/avatar\\\/ff7e6219596cb3312d12e494d824d6f2bb044a240c38cb777d69b1b575b98b82?s=96&d=mm&r=g\",\"contentUrl\":\"https:\\\/\\\/secure.gravatar.com\\\/avatar\\\/ff7e6219596cb3312d12e494d824d6f2bb044a240c38cb777d69b1b575b98b82?s=96&d=mm&r=g\",\"caption\":\"Africapreneurs\"},\"sameAs\":[\"https:\\\/\\\/www.facebook.com\\\/africapreneurs1\",\"https:\\\/\\\/www.instagram.com\\\/africapreneurs\",\"https:\\\/\\\/www.linkedin.com\\\/company\\\/africapreneurs\",\"https:\\\/\\\/x.com\\\/https:\\\/\\\/twitter.com\\\/africapreneurs\",\"https:\\\/\\\/www.youtube.com\\\/@africapreneurs\"],\"url\":\"https:\\\/\\\/africapreneurs.com\\\/fr\\\/author\\\/africapreneurs\\\/\"}]}<\/script>\n<!-- \/ Yoast SEO Premium plugin. -->","yoast_head_json":{"title":"Natascha Viljoen: Une biographie fascinante","description":"D\u00e9couvrez la vie de Natascha Viljoen \u00e0 travers une biographie d\u00e9taill\u00e9e et fascinante, r\u00e9v\u00e9lant les moments cl\u00e9s de son parcours.","robots":{"index":"index","follow":"follow","max-snippet":"max-snippet:-1","max-image-preview":"max-image-preview:large","max-video-preview":"max-video-preview:-1"},"canonical":"https:\/\/africapreneurs.com\/fr\/natascha-viljoen-une-biographie-fascinante\/","og_locale":"fr_FR","og_type":"article","og_title":"Natascha Viljoen: Une biographie fascinante","og_description":"D\u00e9couvrez la vie de Natascha Viljoen \u00e0 travers une biographie d\u00e9taill\u00e9e et fascinante, r\u00e9v\u00e9lant les moments cl\u00e9s de son parcours.","og_url":"https:\/\/africapreneurs.com\/fr\/natascha-viljoen-une-biographie-fascinante\/","og_site_name":"Africapreneurs","article_publisher":"https:\/\/www.facebook.com\/africapreneurs1","article_author":"https:\/\/www.facebook.com\/africapreneurs1","article_published_time":"2026-03-01T22:43:36+00:00","article_modified_time":"2026-04-13T19:56:30+00:00","og_image":[{"width":909,"height":511,"url":"https:\/\/africapreneurs.com\/wp-content\/uploads\/2026\/03\/Natascha-Viljoen-fr.webp","type":"image\/webp"}],"author":"Africapreneurs","twitter_card":"summary_large_image","twitter_creator":"@https:\/\/twitter.com\/africapreneurs","twitter_site":"@africapreneurs","twitter_misc":{"\u00c9crit par":"Africapreneurs","Dur\u00e9e de lecture estim\u00e9e":"7 minutes"},"schema":{"@context":"https:\/\/schema.org","@graph":[{"@type":"Article","@id":"https:\/\/africapreneurs.com\/fr\/natascha-viljoen-une-biographie-fascinante\/#article","isPartOf":{"@id":"https:\/\/africapreneurs.com\/fr\/natascha-viljoen-une-biographie-fascinante\/"},"author":{"name":"Africapreneurs","@id":"https:\/\/africapreneurs.com\/fr\/#\/schema\/person\/78c8f4b9f2181fab1833fb7919ca52ec"},"headline":"Natascha Viljoen: Une biographie fascinante","datePublished":"2026-03-01T22:43:36+00:00","dateModified":"2026-04-13T19:56:30+00:00","mainEntityOfPage":{"@id":"https:\/\/africapreneurs.com\/fr\/natascha-viljoen-une-biographie-fascinante\/"},"wordCount":1465,"publisher":{"@id":"https:\/\/africapreneurs.com\/fr\/#organization"},"image":{"@id":"https:\/\/africapreneurs.com\/fr\/natascha-viljoen-une-biographie-fascinante\/#primaryimage"},"thumbnailUrl":"https:\/\/africapreneurs.com\/wp-content\/uploads\/2026\/03\/Natascha-Viljoen-fr.webp","keywords":["Afrique du Sud","Biographie","Diversit\u00e9","Femme d'affaires","Industrie mini\u00e8re","Leadership","Natascha Viljoen","Parcours inspirant","PDG","Succ\u00e8s professionnel"],"articleSection":["Femmes Leaders","Portraits"],"inLanguage":"fr-FR","copyrightYear":"2026","copyrightHolder":{"@id":"https:\/\/africapreneurs.com\/#organization"}},{"@type":"WebPage","@id":"https:\/\/africapreneurs.com\/fr\/natascha-viljoen-une-biographie-fascinante\/","url":"https:\/\/africapreneurs.com\/fr\/natascha-viljoen-une-biographie-fascinante\/","name":"Natascha Viljoen: Une biographie fascinante","isPartOf":{"@id":"https:\/\/africapreneurs.com\/fr\/#website"},"primaryImageOfPage":{"@id":"https:\/\/africapreneurs.com\/fr\/natascha-viljoen-une-biographie-fascinante\/#primaryimage"},"image":{"@id":"https:\/\/africapreneurs.com\/fr\/natascha-viljoen-une-biographie-fascinante\/#primaryimage"},"thumbnailUrl":"https:\/\/africapreneurs.com\/wp-content\/uploads\/2026\/03\/Natascha-Viljoen-fr.webp","datePublished":"2026-03-01T22:43:36+00:00","dateModified":"2026-04-13T19:56:30+00:00","description":"D\u00e9couvrez la vie de Natascha Viljoen \u00e0 travers une biographie d\u00e9taill\u00e9e et fascinante, r\u00e9v\u00e9lant les moments cl\u00e9s de son parcours.","breadcrumb":{"@id":"https:\/\/africapreneurs.com\/fr\/natascha-viljoen-une-biographie-fascinante\/#breadcrumb"},"inLanguage":"fr-FR","potentialAction":[{"@type":"ReadAction","target":["https:\/\/africapreneurs.com\/fr\/natascha-viljoen-une-biographie-fascinante\/"]}]},{"@type":"ImageObject","inLanguage":"fr-FR","@id":"https:\/\/africapreneurs.com\/fr\/natascha-viljoen-une-biographie-fascinante\/#primaryimage","url":"https:\/\/africapreneurs.com\/wp-content\/uploads\/2026\/03\/Natascha-Viljoen-fr.webp","contentUrl":"https:\/\/africapreneurs.com\/wp-content\/uploads\/2026\/03\/Natascha-Viljoen-fr.webp","width":909,"height":511,"caption":"Natascha Viljoen"},{"@type":"BreadcrumbList","@id":"https:\/\/africapreneurs.com\/fr\/natascha-viljoen-une-biographie-fascinante\/#breadcrumb","itemListElement":[{"@type":"ListItem","position":1,"name":"Africapreneurs","item":"https:\/\/africapreneurs.com\/fr\/"},{"@type":"ListItem","position":2,"name":"Portraits","item":"https:\/\/africapreneurs.com\/fr\/c\/portraits\/"},{"@type":"ListItem","position":3,"name":"Natascha Viljoen: Une biographie fascinante"}]},{"@type":"WebSite","@id":"https:\/\/africapreneurs.com\/fr\/#website","url":"https:\/\/africapreneurs.com\/fr\/","name":"Africapreneurs","description":"R\u00e9v\u00e9ler les talents africains, Valoriser les histoires de l\u2019Afrique.","publisher":{"@id":"https:\/\/africapreneurs.com\/fr\/#organization"},"potentialAction":[{"@type":"SearchAction","target":{"@type":"EntryPoint","urlTemplate":"https:\/\/africapreneurs.com\/fr\/?s={search_term_string}"},"query-input":{"@type":"PropertyValueSpecification","valueRequired":true,"valueName":"search_term_string"}}],"inLanguage":"fr-FR"},{"@type":"Organization","@id":"https:\/\/africapreneurs.com\/fr\/#organization","name":"Africapreneurs","url":"https:\/\/africapreneurs.com\/fr\/","logo":{"@type":"ImageObject","inLanguage":"fr-FR","@id":"https:\/\/africapreneurs.com\/fr\/#\/schema\/logo\/image\/","url":"https:\/\/africapreneurs.com\/wp-content\/uploads\/2024\/01\/Africapreneurs-Logo.jpg","contentUrl":"https:\/\/africapreneurs.com\/wp-content\/uploads\/2024\/01\/Africapreneurs-Logo.jpg","width":600,"height":600,"caption":"Africapreneurs"},"image":{"@id":"https:\/\/africapreneurs.com\/fr\/#\/schema\/logo\/image\/"},"sameAs":["https:\/\/www.facebook.com\/africapreneurs1","https:\/\/x.com\/africapreneurs","https:\/\/www.instagram.com\/africapreneurs","https:\/\/www.linkedin.com\/company\/africapreneurs","https:\/\/www.youtube.com\/@africapreneurs"]},{"@type":"Person","@id":"https:\/\/africapreneurs.com\/fr\/#\/schema\/person\/78c8f4b9f2181fab1833fb7919ca52ec","name":"Africapreneurs","image":{"@type":"ImageObject","inLanguage":"fr-FR","@id":"https:\/\/secure.gravatar.com\/avatar\/ff7e6219596cb3312d12e494d824d6f2bb044a240c38cb777d69b1b575b98b82?s=96&d=mm&r=g","url":"https:\/\/secure.gravatar.com\/avatar\/ff7e6219596cb3312d12e494d824d6f2bb044a240c38cb777d69b1b575b98b82?s=96&d=mm&r=g","contentUrl":"https:\/\/secure.gravatar.com\/avatar\/ff7e6219596cb3312d12e494d824d6f2bb044a240c38cb777d69b1b575b98b82?s=96&d=mm&r=g","caption":"Africapreneurs"},"sameAs":["https:\/\/www.facebook.com\/africapreneurs1","https:\/\/www.instagram.com\/africapreneurs","https:\/\/www.linkedin.com\/company\/africapreneurs","https:\/\/x.com\/https:\/\/twitter.com\/africapreneurs","https:\/\/www.youtube.com\/@africapreneurs"],"url":"https:\/\/africapreneurs.com\/fr\/author\/africapreneurs\/"}]}},"_links":{"self":[{"href":"https:\/\/africapreneurs.com\/fr\/wp-json\/wp\/v2\/posts\/8805","targetHints":{"allow":["GET"]}}],"collection":[{"href":"https:\/\/africapreneurs.com\/fr\/wp-json\/wp\/v2\/posts"}],"about":[{"href":"https:\/\/africapreneurs.com\/fr\/wp-json\/wp\/v2\/types\/post"}],"author":[{"embeddable":true,"href":"https:\/\/africapreneurs.com\/fr\/wp-json\/wp\/v2\/users\/5"}],"replies":[{"embeddable":true,"href":"https:\/\/africapreneurs.com\/fr\/wp-json\/wp\/v2\/comments?post=8805"}],"version-history":[{"count":0,"href":"https:\/\/africapreneurs.com\/fr\/wp-json\/wp\/v2\/posts\/8805\/revisions"}],"wp:featuredmedia":[{"embeddable":true,"href":"https:\/\/africapreneurs.com\/fr\/wp-json\/wp\/v2\/media\/11263"}],"wp:attachment":[{"href":"https:\/\/africapreneurs.com\/fr\/wp-json\/wp\/v2\/media?parent=8805"}],"wp:term":[{"taxonomy":"category","embeddable":true,"href":"https:\/\/africapreneurs.com\/fr\/wp-json\/wp\/v2\/categories?post=8805"},{"taxonomy":"post_tag","embeddable":true,"href":"https:\/\/africapreneurs.com\/fr\/wp-json\/wp\/v2\/tags?post=8805"},{"taxonomy":"country","embeddable":true,"href":"https:\/\/africapreneurs.com\/fr\/wp-json\/wp\/v2\/country?post=8805"}],"curies":[{"name":"wp","href":"https:\/\/api.w.org\/{rel}","templated":true}]}}